 {"id":2109,"date":"2016-08-31T05:48:51","date_gmt":"2016-08-31T04:48:51","guid":{"rendered":"http:\/\/www.fautras-rhone-alpes.com\/?p=2109"},"modified":"2018-10-23T17:43:39","modified_gmt":"2018-10-23T16:43:39","slug":"van-st-georges-nuno-1-place-et-demie","status":"publish","type":"post","link":"https:\/\/www.fautras.it\/fr\/van-st-georges-nuno-1-place-et-demie\/","title":{"rendered":"Van St georges Nuno 1 place et demie by Fautras"},"content":{"rendered":"<p><a href=\"http:\/\/www.fautras-rhone-alpes.com\/van-st-georges-nuno-1-place-et-demie\/image-138\/\" rel=\"attachment wp-att-2133\"><img loading=\"lazy\" decoding=\"async\" class=\"alignnone size-full wp-image-2133\" src=\"http:\/\/www.fautras.it\/wp-content\/uploads\/2016\/08\/image12-e1472618900575.jpeg\" alt=\"image\" width=\"600\" height=\"800\" \/><\/a><a href=\"http:\/\/www.fautras-rhone-alpes.com\/van-st-georges-nuno-1-place-et-demie\/image-137\/\" rel=\"attachment wp-att-2132\"><img loading=\"lazy\" decoding=\"async\" class=\"alignnone size-full wp-image-2132\" src=\"http:\/\/www.fautras.it\/wp-content\/uploads\/2016\/08\/image11-e1472618866988.jpeg\" alt=\"image\" width=\"600\" height=\"800\" \/><\/a><a href=\"http:\/\/www.fautras-rhone-alpes.com\/van-st-georges-nuno-1-place-et-demie\/image-135\/\" rel=\"attachment wp-att-2130\"><img loading=\"lazy\" decoding=\"async\" class=\"alignnone size-full wp-image-2130\" src=\"http:\/\/www.fautras.it\/wp-content\/uploads\/2016\/08\/image9-e1472618755615.jpeg\" alt=\"image\" width=\"600\" height=\"450\" \/><\/a><a href=\"http:\/\/www.fautras-rhone-alpes.com\/van-st-georges-nuno-1-place-et-demie\/image-136\/\" rel=\"attachment wp-att-2131\"><img loading=\"lazy\" decoding=\"async\" class=\"alignnone size-full wp-image-2131\" src=\"http:\/\/www.fautras.it\/wp-content\/uploads\/2016\/08\/image10-e1472618825940.jpeg\" alt=\"image\" width=\"600\" height=\"450\" \/><\/a><a href=\"http:\/\/www.fautras-rhone-alpes.com\/van-st-georges-nuno-1-place-et-demie\/image-137\/\" rel=\"attachment wp-att-2132\"><img loading=\"lazy\" decoding=\"async\" class=\"alignnone size-full wp-image-2132\" src=\"http:\/\/www.fautras.it\/wp-content\/uploads\/2016\/08\/image11-e1472618866988.jpeg\" alt=\"image\" width=\"600\" height=\"800\" \/><\/a><a href=\"http:\/\/www.fautras-rhone-alpes.com\/van-st-georges-nuno-1-place-et-demie\/image-132\/\" rel=\"attachment wp-att-2127\"><img loading=\"lazy\" decoding=\"async\" class=\"alignnone size-full wp-image-2127\" src=\"http:\/\/www.fautras.it\/wp-content\/uploads\/2016\/08\/image6-e1472618542321.jpeg\" alt=\"image\" width=\"600\" height=\"450\" \/><\/a>Van St georges Nuno 1 place et demie by Fautras<\/p>\n<p>neuf disponible imm\u00e9diatement<br \/>\nPlancher poly\u00e9thyl\u00e8ne garanti \u00e0 vie<br \/>\nDoubles portes \u00e0 l am\u00e9ricaine avec volets coulissants<br \/>\nArcs de s\u00e9curit\u00e9<br \/>\nstructure garantie 8 ans<br \/>\nProtections polypropyl\u00e8ne<br \/>\n1 baie coulissante avec grille c\u00f4t\u00e9 droit<br \/>\nRoue de secours<br \/>\nLumi\u00e8re int\u00e9rieure<br \/>\nattelage avec antivol int\u00e9gr\u00e9<\/p>\n<p>induite avec permis B<br \/>\nTel 0607570562<\/p>\n","protected":false},"excerpt":{"rendered":"<p>Van St georges Nuno 1 place et demie by Fautras neuf disponible imm\u00e9diatement Plancher poly\u00e9thyl\u00e8ne garanti \u00e0 vie Doubles portes \u00e0 l am\u00e9ricaine avec volets coulissants Arcs de s\u00e9curit\u00e9 structure garantie 8 ans Protections polypropyl\u00e8ne 1 baie coulissante avec grille c\u00f4t\u00e9 droit Roue de secours Lumi\u00e8re int\u00e9rieure attelage avec antivol int\u00e9gr\u00e9 induite avec permis B [&hellip;]<\/p>\n","protected":false},"author":2,"featured_media":2129,"comment_status":"closed","ping_status":"closed","sticky":false,"template":"","format":"standard","meta":{"footnotes":""},"categories":[105,6,8,4],"tags":[58,142],"_links":{"self":[{"href":"https:\/\/www.fautras.it\/fr\/wp-json\/wp\/v2\/posts\/2109\/"}],"collection":[{"href":"https:\/\/www.fautras.it\/fr\/wp-json\/wp\/v2\/posts\/"}],"about":[{"href":"https:\/\/www.fautras.it\/fr\/wp-json\/wp\/v2\/types\/post\/"}],"author":[{"embeddable":true,"href":"https:\/\/www.fautras.it\/fr\/wp-json\/wp\/v2\/users\/2\/"}],"replies":[{"embeddable":true,"href":"https:\/\/www.fautras.it\/fr\/wp-json\/wp\/v2\/comments\/?post=2109"}],"version-history":[{"count":0,"href":"https:\/\/www.fautras.it\/fr\/wp-json\/wp\/v2\/posts\/2109\/revisions\/"}],"wp:featuredmedia":[{"embeddable":true,"href":"https:\/\/www.fautras.it\/fr\/wp-json\/wp\/v2\/media\/2129\/"}],"wp:attachment":[{"href":"https:\/\/www.fautras.it\/fr\/wp-json\/wp\/v2\/media\/?parent=2109"}],"wp:term":[{"taxonomy":"category","embeddable":true,"href":"https:\/\/www.fautras.it\/fr\/wp-json\/wp\/v2\/categories\/?post=2109"},{"taxonomy":"post_tag","embeddable":true,"href":"https:\/\/www.fautras.it\/fr\/wp-json\/wp\/v2\/tags\/?post=2109"}],"curies":[{"name":"wp","href":"https:\/\/api.w.org\/{rel}","templated":true}]}}