 {"id":1570,"date":"2015-10-14T13:22:09","date_gmt":"2015-10-14T12:22:09","guid":{"rendered":"http:\/\/www.fautras-rhone-alpes.com\/?p=1570"},"modified":"2018-10-23T17:44:35","modified_gmt":"2018-10-23T16:44:35","slug":"housse-de-protection-pour-votre-van","status":"publish","type":"post","link":"https:\/\/www.fautras.it\/fr\/housse-de-protection-pour-votre-van\/","title":{"rendered":"Housse de protection pour votre van"},"content":{"rendered":"<p><a href=\"http:\/\/www.fautras-rhone-alpes.com\/housse-de-protection-pour-votre-van\/img_9926\/\" rel=\"attachment wp-att-1958\"><img loading=\"lazy\" decoding=\"async\" class=\"alignnone size-full wp-image-1958\" src=\"http:\/\/www.fautras.it\/wp-content\/uploads\/2015\/10\/IMG_9926.jpg\" alt=\"IMG_9926\" width=\"1600\" height=\"1200\" srcset=\"https:\/\/www.fautras.it\/wp-content\/uploads\/2015\/10\/IMG_9926.jpg 1600w, https:\/\/www.fautras.it\/wp-content\/uploads\/2015\/10\/IMG_9926-300x225.jpg 300w, https:\/\/www.fautras.it\/wp-content\/uploads\/2015\/10\/IMG_9926-1024x768.jpg 1024w, https:\/\/www.fautras.it\/wp-content\/uploads\/2015\/10\/IMG_9926-1170x877.jpg 1170w, https:\/\/www.fautras.it\/wp-content\/uploads\/2015\/10\/IMG_9926-571x428.jpg 571w, https:\/\/www.fautras.it\/wp-content\/uploads\/2015\/10\/IMG_9926-371x278.jpg 371w, https:\/\/www.fautras.it\/wp-content\/uploads\/2015\/10\/IMG_9926-271x203.jpg 271w\" sizes=\"(max-width: 1600px) 100vw, 1600px\" \/><\/a><a href=\"http:\/\/www.fautras-rhone-alpes.com\/housse-de-protection-pour-votre-van\/img_9925\/\" rel=\"attachment wp-att-1959\"><img loading=\"lazy\" decoding=\"async\" class=\"alignnone size-full wp-image-1959\" src=\"http:\/\/www.fautras.it\/wp-content\/uploads\/2015\/10\/IMG_9925.jpg\" alt=\"IMG_9925\" width=\"1600\" height=\"1200\" srcset=\"https:\/\/www.fautras.it\/wp-content\/uploads\/2015\/10\/IMG_9925.jpg 1600w, https:\/\/www.fautras.it\/wp-content\/uploads\/2015\/10\/IMG_9925-300x225.jpg 300w, https:\/\/www.fautras.it\/wp-content\/uploads\/2015\/10\/IMG_9925-1024x768.jpg 1024w, https:\/\/www.fautras.it\/wp-content\/uploads\/2015\/10\/IMG_9925-1170x877.jpg 1170w, https:\/\/www.fautras.it\/wp-content\/uploads\/2015\/10\/IMG_9925-571x428.jpg 571w, https:\/\/www.fautras.it\/wp-content\/uploads\/2015\/10\/IMG_9925-371x278.jpg 371w, https:\/\/www.fautras.it\/wp-content\/uploads\/2015\/10\/IMG_9925-271x203.jpg 271w\" sizes=\"(max-width: 1600px) 100vw, 1600px\" \/><\/a><a href=\"http:\/\/www.fautras-rhone-alpes.com\/van-fautras-oblic-2-pack-luxe\/thumb_img_9761_1024\/\" rel=\"attachment wp-att-1759\"><img loading=\"lazy\" decoding=\"async\" class=\"alignnone size-medium wp-image-1759\" src=\"http:\/\/www.fautras.it\/wp-content\/uploads\/2016\/01\/thumb_IMG_9761_1024-225x300.jpg\" alt=\"thumb_IMG_9761_1024\" width=\"225\" height=\"300\" srcset=\"https:\/\/www.fautras.it\/wp-content\/uploads\/2016\/01\/thumb_IMG_9761_1024-225x300.jpg 225w, https:\/\/www.fautras.it\/wp-content\/uploads\/2016\/01\/thumb_IMG_9761_1024-571x761.jpg 571w, https:\/\/www.fautras.it\/wp-content\/uploads\/2016\/01\/thumb_IMG_9761_1024-371x494.jpg 371w, https:\/\/www.fautras.it\/wp-content\/uploads\/2016\/01\/thumb_IMG_9761_1024-271x361.jpg 271w, https:\/\/www.fautras.it\/wp-content\/uploads\/2016\/01\/thumb_IMG_9761_1024.jpg 768w\" sizes=\"(max-width: 225px) 100vw, 225px\" \/><\/a> <a href=\"http:\/\/www.fautras-rhone-alpes.com\/van-fautras-oblic-2-pack-luxe\/thumb_img_9762_1024\/\" rel=\"attachment wp-att-1761\"><img loading=\"lazy\" decoding=\"async\" class=\"alignnone size-medium wp-image-1761\" src=\"http:\/\/www.fautras.it\/wp-content\/uploads\/2016\/01\/thumb_IMG_9762_1024-225x300.jpg\" alt=\"thumb_IMG_9762_1024\" width=\"225\" height=\"300\" srcset=\"https:\/\/www.fautras.it\/wp-content\/uploads\/2016\/01\/thumb_IMG_9762_1024-225x300.jpg 225w, https:\/\/www.fautras.it\/wp-content\/uploads\/2016\/01\/thumb_IMG_9762_1024-571x761.jpg 571w, https:\/\/www.fautras.it\/wp-content\/uploads\/2016\/01\/thumb_IMG_9762_1024-371x494.jpg 371w, https:\/\/www.fautras.it\/wp-content\/uploads\/2016\/01\/thumb_IMG_9762_1024-271x361.jpg 271w, https:\/\/www.fautras.it\/wp-content\/uploads\/2016\/01\/thumb_IMG_9762_1024.jpg 768w\" sizes=\"(max-width: 225px) 100vw, 225px\" \/><\/a> <a href=\"http:\/\/www.fautras-rhone-alpes.com\/van-fautras-oblic-2-pack-luxe\/thumb_img_9763_1024\/\" rel=\"attachment wp-att-1760\"><img loading=\"lazy\" decoding=\"async\" class=\"alignnone size-medium wp-image-1760\" src=\"http:\/\/www.fautras.it\/wp-content\/uploads\/2016\/01\/thumb_IMG_9763_1024-300x225.jpg\" alt=\"thumb_IMG_9763_1024\" width=\"300\" height=\"225\" srcset=\"https:\/\/www.fautras.it\/wp-content\/uploads\/2016\/01\/thumb_IMG_9763_1024-300x225.jpg 300w, https:\/\/www.fautras.it\/wp-content\/uploads\/2016\/01\/thumb_IMG_9763_1024-571x428.jpg 571w, https:\/\/www.fautras.it\/wp-content\/uploads\/2016\/01\/thumb_IMG_9763_1024-371x278.jpg 371w, https:\/\/www.fautras.it\/wp-content\/uploads\/2016\/01\/thumb_IMG_9763_1024-271x203.jpg 271w, https:\/\/www.fautras.it\/wp-content\/uploads\/2016\/01\/thumb_IMG_9763_1024.jpg 1024w\" sizes=\"(max-width: 300px) 100vw, 300px\" \/><\/a>Vous n&rsquo;avez pas d&rsquo;abri pour votre van et il est en permanence \u00e0 l&rsquo;ext\u00e9rieur&#8230; offrez-lui une housse de protection !!<\/p>\n<p>A partir de 340 \u20ac pour un van deux places avec deux acc\u00e8s aux portes avant et arri\u00e8res<\/p>\n<p><a href=\"http:\/\/www.fautras-rhone-alpes.com\/housse-de-protection-pour-votre-van\/housse-de-protection\/\" rel=\"attachment wp-att-1572\"><img loading=\"lazy\" decoding=\"async\" class=\"alignnone size-medium wp-image-1572\" src=\"http:\/\/www.fautras.it\/wp-content\/uploads\/2015\/10\/Housse-de-protection-300x274.jpg\" alt=\"Housse de protection\" width=\"300\" height=\"274\" srcset=\"https:\/\/www.fautras.it\/wp-content\/uploads\/2015\/10\/Housse-de-protection-300x274.jpg 300w, https:\/\/www.fautras.it\/wp-content\/uploads\/2015\/10\/Housse-de-protection-1024x937.jpg 1024w, https:\/\/www.fautras.it\/wp-content\/uploads\/2015\/10\/Housse-de-protection-1170x1071.jpg 1170w, https:\/\/www.fautras.it\/wp-content\/uploads\/2015\/10\/Housse-de-protection-571x522.jpg 571w, https:\/\/www.fautras.it\/wp-content\/uploads\/2015\/10\/Housse-de-protection-371x339.jpg 371w, https:\/\/www.fautras.it\/wp-content\/uploads\/2015\/10\/Housse-de-protection-271x248.jpg 271w, https:\/\/www.fautras.it\/wp-content\/uploads\/2015\/10\/Housse-de-protection.jpg 1985w\" sizes=\"(max-width: 300px) 100vw, 300px\" \/><\/a><\/p>\n<p>&nbsp;<\/p>\n<p>N&rsquo;h\u00e9sitez pas \u00e0 nous contacter au 06 07 57 05 62<\/p>\n<p>ou fautras@gmail.com<\/p>\n<p>&nbsp;<\/p>\n<p>Prix public ttc :<br \/>\nvan 2 places Provan\u00a0\u00a0taille L \u00a0340\u20ac<\/p>\n<p>van Oblic+2 taille XL 380\u20ac<\/p>\n<p>van Oblic+3 taille Mega-XL 440\u20ac<\/p>\n<p>40 euros de frais de port (Europe )<\/p>\n<p>&nbsp;<\/p>\n","protected":false},"excerpt":{"rendered":"<p>Vous n&rsquo;avez pas d&rsquo;abri pour votre van et il est en permanence \u00e0 l&rsquo;ext\u00e9rieur&#8230; offrez-lui une housse de protection !! A partir de 340 \u20ac pour un van deux places avec deux acc\u00e8s aux portes avant et arri\u00e8res &nbsp; N&rsquo;h\u00e9sitez pas \u00e0 nous contacter au 06 07 57 05 62 ou fautras@gmail.com &nbsp; Prix public [&hellip;]<\/p>\n","protected":false},"author":2,"featured_media":1572,"comment_status":"closed","ping_status":"closed","sticky":false,"template":"","format":"standard","meta":{"footnotes":""},"categories":[21,86,85],"tags":[147,87],"_links":{"self":[{"href":"https:\/\/www.fautras.it\/fr\/wp-json\/wp\/v2\/posts\/1570\/"}],"collection":[{"href":"https:\/\/www.fautras.it\/fr\/wp-json\/wp\/v2\/posts\/"}],"about":[{"href":"https:\/\/www.fautras.it\/fr\/wp-json\/wp\/v2\/types\/post\/"}],"author":[{"embeddable":true,"href":"https:\/\/www.fautras.it\/fr\/wp-json\/wp\/v2\/users\/2\/"}],"replies":[{"embeddable":true,"href":"https:\/\/www.fautras.it\/fr\/wp-json\/wp\/v2\/comments\/?post=1570"}],"version-history":[{"count":0,"href":"https:\/\/www.fautras.it\/fr\/wp-json\/wp\/v2\/posts\/1570\/revisions\/"}],"wp:featuredmedia":[{"embeddable":true,"href":"https:\/\/www.fautras.it\/fr\/wp-json\/wp\/v2\/media\/1572\/"}],"wp:attachment":[{"href":"https:\/\/www.fautras.it\/fr\/wp-json\/wp\/v2\/media\/?parent=1570"}],"wp:term":[{"taxonomy":"category","embeddable":true,"href":"https:\/\/www.fautras.it\/fr\/wp-json\/wp\/v2\/categories\/?post=1570"},{"taxonomy":"post_tag","embeddable":true,"href":"https:\/\/www.fautras.it\/fr\/wp-json\/wp\/v2\/tags\/?post=1570"}],"curies":[{"name":"wp","href":"https:\/\/api.w.org\/{rel}","templated":true}]}}